{"id":83,"date":"2022-10-31T08:05:32","date_gmt":"2022-10-31T08:05:32","guid":{"rendered":"https:\/\/haertlingen.de\/?p=83"},"modified":"2022-11-14T17:58:46","modified_gmt":"2022-11-14T17:58:46","slug":"volkstrauertag-2022","status":"publish","type":"post","link":"https:\/\/haertlingen.de\/?p=83","title":{"rendered":"Volkstrauertag 2022"},"content":{"rendered":"\n<p>Die Gedenkstunde anl\u00e4sslich des Volkstrauertags 2022&nbsp;findet am Sonntag, den 13.11.2022&nbsp;um 14.15 Uhr am Ehrenmal unter der Dorflinde statt. Hierzu lade ich alle B\u00fcrgerinnen und B\u00fcrger herzlich ein.<\/p>\n\n\n\n<p>An der Gedenkstunde wird eine Spendendose des&nbsp;<em>Volksbundes Deutsche Kriegsgr\u00e4berf\u00fcrsorge e.V.<\/em> aufgestellt. Falls Sie nicht an dieser Veranstaltung teilnehmen k\u00f6nnen, aber dennoch spenden m\u00f6chten, k\u00f6nnen Sie dies gerne w\u00e4hrend der B\u00fcrgermeistersprechstunde erledigen.<\/p>\n\n\n\n<p><em>David Olberts, Ortsb\u00fcrgermeister<\/em><\/p>\n","protected":false},"excerpt":{"rendered":"<p>Die Gedenkstunde anl\u00e4sslich des Volkstrauertags 2022&nbsp;findet am Sonntag, den 13.11.2022&nbsp;um 14.15 Uhr am Ehrenmal unter der Dorflinde statt. Hierzu lade ich alle B\u00fcrgerinnen und B\u00fcrger herzlich ein. An der Gedenkstunde wird eine Spendendose des&nbsp;Volksbundes Deutsche Kriegsgr\u00e4berf\u00fcrsorge e.V. aufgestellt. Falls Sie nicht an dieser Veranstaltung teilnehmen k\u00f6nnen, aber dennoch spenden m\u00f6chten, k\u00f6nnen Sie dies gerne w\u00e4hrend &hellip; <\/p>\n<p class=\"link-more\"><a href=\"https:\/\/haertlingen.de\/?p=83\" class=\"more-link\"><span class=\"screen-reader-text\">\u201eVolkstrauertag 2022\u201c<\/span> weiterlesen<\/a><\/p>\n","protected":false},"author":1,"featured_media":0,"comment_status":"closed","ping_status":"","sticky":false,"template":"","format":"standard","meta":{"footnotes":""},"categories":[1],"tags":[],"_links":{"self":[{"href":"https:\/\/haertlingen.de\/index.php?rest_route=\/wp\/v2\/posts\/83"}],"collection":[{"href":"https:\/\/haertlingen.de\/index.php?rest_route=\/wp\/v2\/posts"}],"about":[{"href":"https:\/\/haertlingen.de\/index.php?rest_route=\/wp\/v2\/types\/post"}],"author":[{"embeddable":true,"href":"https:\/\/haertlingen.de\/index.php?rest_route=\/wp\/v2\/users\/1"}],"replies":[{"embeddable":true,"href":"https:\/\/haertlingen.de\/index.php?rest_route=%2Fwp%2Fv2%2Fcomments&post=83"}],"version-history":[{"count":1,"href":"https:\/\/haertlingen.de\/index.php?rest_route=\/wp\/v2\/posts\/83\/revisions"}],"predecessor-version":[{"id":84,"href":"https:\/\/haertlingen.de\/index.php?rest_route=\/wp\/v2\/posts\/83\/revisions\/84"}],"wp:attachment":[{"href":"https:\/\/haertlingen.de\/index.php?rest_route=%2Fwp%2Fv2%2Fmedia&parent=83"}],"wp:term":[{"taxonomy":"category","embeddable":true,"href":"https:\/\/haertlingen.de\/index.php?rest_route=%2Fwp%2Fv2%2Fcategories&post=83"},{"taxonomy":"post_tag","embeddable":true,"href":"https:\/\/haertlingen.de\/index.php?rest_route=%2Fwp%2Fv2%2Ftags&post=83"}],"curies":[{"name":"wp","href":"https:\/\/api.w.org\/{rel}","templated":true}]}}