{"id":203,"date":"2023-04-02T19:07:08","date_gmt":"2023-04-02T19:07:08","guid":{"rendered":"https:\/\/haertlingen.de\/?p=203"},"modified":"2023-04-02T19:15:14","modified_gmt":"2023-04-02T19:15:14","slug":"informationsveranstaltung-zur-planung-von-windenergieanlagen","status":"publish","type":"post","link":"https:\/\/haertlingen.de\/?p=203","title":{"rendered":"Informationsveranstaltung zur Planung von Windenergieanlagen"},"content":{"rendered":"\n<p>Sehr geehrte B\u00fcrgerinnen und B\u00fcrger von H\u00e4rtlingen und Kaden,<\/p>\n\n\n\n<p>die Gemeinden H\u00e4rtlingen und Kaden wurde im vergangen Jahr 2022 von zwei verschiedenen Projektierern f\u00fcr Windenergieanlagen (WEA) angeschrieben, dass diese Interesse an der Errichtung von WEAs in der N\u00e4he des Beilsteins haben.<\/p>\n\n\n\n<p>Daraufhin gab es zu n\u00e4chst 3 verschiedene gemeinsame nicht\u00f6ffentliche Sitzungen der beiden Ortsgemeinder\u00e4ten, die Projekte anzuh\u00f6ren und die Angebote zu pr\u00fcfen.<\/p>\n\n\n\n<p>Am 09.02.2023 haben die Ortsgemeinder\u00e4te in einer \u00f6ffentlichen Sitzung beschlossen, dass bevor ein endg\u00fcltiger Beschluss getroffen und das O.K. f\u00fcr die Planung und der Errichtung von Windenergieanlagen gegeben wird, dass der Projektierer <em>NaturStromProjekte GmbH<\/em> aus Erfurt die Chance erh\u00e4lt, den B\u00fcrgerinnen und B\u00fcrger das Vorhaben zu pr\u00e4sentieren und deren Fragen zu beantworten.<\/p>\n\n\n\n<p>Daher wird es jeweils eine Informationsveranstaltung in den beiden Ortsgemeinden geben. Die Veranstaltung in <strong>H\u00e4rtlingen wird am 18.04.2023 um 18.00 Uhr im B\u00fcrgerhaus<\/strong> stattfinden und die Veranstaltung in <strong>Kaden wird am 19.04.2023 im B\u00fcrgerhaus Kaden<\/strong> stattfinden.<\/p>\n\n\n\n<p>Alle B\u00fcrgerinnen und B\u00fcrger sowie Interessenten sind zu diesen Veranstaltungen eingeladen.<\/p>\n\n\n\n<p><em>David Olberts, Ortsb\u00fcrgermeister von H\u00e4rtlingen<\/em><\/p>\n\n\n\n<p><em>Ute Chamski-Mohr, Ortsb\u00fcrgermeisterin von Kaden<\/em><\/p>\n","protected":false},"excerpt":{"rendered":"<p>Sehr geehrte B\u00fcrgerinnen und B\u00fcrger von H\u00e4rtlingen und Kaden, die Gemeinden H\u00e4rtlingen und Kaden wurde im vergangen Jahr 2022 von zwei verschiedenen Projektierern f\u00fcr Windenergieanlagen (WEA) angeschrieben, dass diese Interesse an der Errichtung von WEAs in der N\u00e4he des Beilsteins haben. Daraufhin gab es zu n\u00e4chst 3 verschiedene gemeinsame nicht\u00f6ffentliche Sitzungen der beiden Ortsgemeinder\u00e4ten, die &hellip; <\/p>\n<p class=\"link-more\"><a href=\"https:\/\/haertlingen.de\/?p=203\" class=\"more-link\"><span class=\"screen-reader-text\">\u201eInformationsveranstaltung zur Planung von Windenergieanlagen\u201c<\/span> weiterlesen<\/a><\/p>\n","protected":false},"author":2,"featured_media":0,"comment_status":"closed","ping_status":"","sticky":false,"template":"","format":"standard","meta":{"footnotes":""},"categories":[1],"tags":[],"_links":{"self":[{"href":"https:\/\/haertlingen.de\/index.php?rest_route=\/wp\/v2\/posts\/203"}],"collection":[{"href":"https:\/\/haertlingen.de\/index.php?rest_route=\/wp\/v2\/posts"}],"about":[{"href":"https:\/\/haertlingen.de\/index.php?rest_route=\/wp\/v2\/types\/post"}],"author":[{"embeddable":true,"href":"https:\/\/haertlingen.de\/index.php?rest_route=\/wp\/v2\/users\/2"}],"replies":[{"embeddable":true,"href":"https:\/\/haertlingen.de\/index.php?rest_route=%2Fwp%2Fv2%2Fcomments&post=203"}],"version-history":[{"count":2,"href":"https:\/\/haertlingen.de\/index.php?rest_route=\/wp\/v2\/posts\/203\/revisions"}],"predecessor-version":[{"id":205,"href":"https:\/\/haertlingen.de\/index.php?rest_route=\/wp\/v2\/posts\/203\/revisions\/205"}],"wp:attachment":[{"href":"https:\/\/haertlingen.de\/index.php?rest_route=%2Fwp%2Fv2%2Fmedia&parent=203"}],"wp:term":[{"taxonomy":"category","embeddable":true,"href":"https:\/\/haertlingen.de\/index.php?rest_route=%2Fwp%2Fv2%2Fcategories&post=203"},{"taxonomy":"post_tag","embeddable":true,"href":"https:\/\/haertlingen.de\/index.php?rest_route=%2Fwp%2Fv2%2Ftags&post=203"}],"curies":[{"name":"wp","href":"https:\/\/api.w.org\/{rel}","templated":true}]}}